{"id":801,"date":"2025-01-10T16:22:15","date_gmt":"2025-01-10T16:22:15","guid":{"rendered":"http:\/\/www.compadd.ufpr.br\/?p=801"},"modified":"2025-01-10T16:29:53","modified_gmt":"2025-01-10T16:29:53","slug":"coordenador-do-compadd-lanca-guia-sobre-uso-etico-da-ia-generativa","status":"publish","type":"post","link":"http:\/\/www.compadd.ufpr.br\/?p=801","title":{"rendered":"Coordenador do Compadd lan\u00e7a guia sobre uso \u00e9tico da IA generativa"},"content":{"rendered":"<p>O ebook \u201cDiretrizes para o uso \u00e9tico e respons\u00e1vel da Intelig\u00eancia Artificial Generativa: um guia pr\u00e1tico para pesquisadores\u201d foi lan\u00e7ado, pela Sociedade Brasileira de Estudos Interdisciplinares da Comunica\u00e7\u00e3o (Intercom), buscando discutir e promover o uso \u00e9tico e respons\u00e1vel da IA generativa, desmistificando o entusiasmo exagerado (hype) em torno da tecnologia, assim como os temores infundados. O seu principal objetivo \u00e9 ser um guia pr\u00e1tico e de f\u00e1cil consulta que busca preencher a lacuna gerada pela aus\u00eancia de materiais similares no Brasil.<\/p>\n<p>Voltado para pesquisadores, universidades e institui\u00e7\u00f5es cient\u00edficas, o guia aborda princ\u00edpios de funcionamento e aplica\u00e7\u00f5es pr\u00e1ticas da tecnologia, como os usos em diferentes fases da pesquisa acad\u00eamica, como busca de materiais acad\u00eamicos, leitura, escrita, an\u00e1lise de dados, programa\u00e7\u00e3o, transcri\u00e7\u00e3o, tradu\u00e7\u00e3o, pareceres e mesmo bancas de sele\u00e7\u00e3o. Da mesma forma, o guia aprofunda a discuss\u00e3o sobre as atuais limita\u00e7\u00f5es desta tecnologia, como os vieses e os riscos \u00e0 privacidade e integridade acad\u00eamica, assim como a necessidade de preserva\u00e7\u00e3o da ag\u00eancia humana e do uso eticamente orientado.<\/p>\n<p>O guia foi elaborado por Rafael Cardoso Sampaio (UFPR), Marcelo Sabbatini (UFPE) e Ricardo Limongi (UFG) \u2013 que t\u00eam se debru\u00e7ado sobre os impactos da intelig\u00eancia artificial generativa (IAG) na pesquisa acad\u00eamica em diferentes \u00e1reas de pesquisa, como Administra\u00e7\u00e3o, Ci\u00eancia Pol\u00edtica, Comunica\u00e7\u00e3o, Educa\u00e7\u00e3o e Pol\u00edticas P\u00fablicas.<\/p>\n<p>A publica\u00e7\u00e3o tem apoio da Associa\u00e7\u00e3o Brasileira de Ci\u00eancia Pol\u00edtica (ABCP) e da Associa\u00e7\u00e3o Nacional de P\u00f3s-Gradua\u00e7\u00e3o e Pesquisa em Ci\u00eancias Sociais (ANPOCS), que reconhecem a import\u00e2ncia do debate sobre os impactos da IA nas pesquisas acad\u00eamicas e a necessidade de matura\u00e7\u00e3o desta discuss\u00e3o, notadamente em termos de boas pr\u00e1ticas e diretrizes, como pretende o documento em quest\u00e3o.<\/p>\n<p>O ebook pode ser baixado gratuitamente em:<\/p>\n<p><a href=\"https:\/\/www.portcom.intercom.org.br\/ebooks\/detalheEbook.php?id=57203\">https:\/\/www.portcom.intercom.org.br\/ebooks\/detalheEbook.php?id=57203<\/a><\/p>\n<p>&nbsp;<\/p>\n<p><img loading=\"lazy\" class=\"alignnone wp-image-802 size-full\" src=\"http:\/\/www.compadd.ufpr.br\/wp-content\/uploads\/capa-guia-AI.png\" alt=\"\" width=\"749\" height=\"1064\" srcset=\"http:\/\/www.compadd.ufpr.br\/wp-content\/uploads\/capa-guia-AI.png 749w, http:\/\/www.compadd.ufpr.br\/wp-content\/uploads\/capa-guia-AI-211x300.png 211w, http:\/\/www.compadd.ufpr.br\/wp-content\/uploads\/capa-guia-AI-721x1024.png 721w\" sizes=\"(max-width: 749px) 100vw, 749px\" \/><\/p>\n<p>&nbsp;<\/p>\n<p>&nbsp;<\/p>\n","protected":false},"excerpt":{"rendered":"<p>O ebook \u201cDiretrizes para o uso \u00e9tico e respons\u00e1vel da Intelig\u00eancia Artificial Generativa: um guia pr\u00e1tico para pesquisadores\u201d foi lan\u00e7ado, pela Sociedade Brasileira de Estudos Interdisciplinares da Comunica\u00e7\u00e3o (Intercom), buscando discutir e promover o uso \u00e9tico e respons\u00e1vel da IA&hellip;<\/p>\n","protected":false},"author":3,"featured_media":802,"comment_status":"open","ping_status":"open","sticky":false,"template":"","format":"standard","meta":[],"categories":[5,3],"tags":[52,51],"post_series":[],"_links":{"self":[{"href":"http:\/\/www.compadd.ufpr.br\/index.php?rest_route=\/wp\/v2\/posts\/801"}],"collection":[{"href":"http:\/\/www.compadd.ufpr.br\/index.php?rest_route=\/wp\/v2\/posts"}],"about":[{"href":"http:\/\/www.compadd.ufpr.br\/index.php?rest_route=\/wp\/v2\/types\/post"}],"author":[{"embeddable":true,"href":"http:\/\/www.compadd.ufpr.br\/index.php?rest_route=\/wp\/v2\/users\/3"}],"replies":[{"embeddable":true,"href":"http:\/\/www.compadd.ufpr.br\/index.php?rest_route=%2Fwp%2Fv2%2Fcomments&post=801"}],"version-history":[{"count":1,"href":"http:\/\/www.compadd.ufpr.br\/index.php?rest_route=\/wp\/v2\/posts\/801\/revisions"}],"predecessor-version":[{"id":803,"href":"http:\/\/www.compadd.ufpr.br\/index.php?rest_route=\/wp\/v2\/posts\/801\/revisions\/803"}],"wp:featuredmedia":[{"embeddable":true,"href":"http:\/\/www.compadd.ufpr.br\/index.php?rest_route=\/wp\/v2\/media\/802"}],"wp:attachment":[{"href":"http:\/\/www.compadd.ufpr.br\/index.php?rest_route=%2Fwp%2Fv2%2Fmedia&parent=801"}],"wp:term":[{"taxonomy":"category","embeddable":true,"href":"http:\/\/www.compadd.ufpr.br\/index.php?rest_route=%2Fwp%2Fv2%2Fcategories&post=801"},{"taxonomy":"post_tag","embeddable":true,"href":"http:\/\/www.compadd.ufpr.br\/index.php?rest_route=%2Fwp%2Fv2%2Ftags&post=801"},{"taxonomy":"post_series","embeddable":true,"href":"http:\/\/www.compadd.ufpr.br\/index.php?rest_route=%2Fwp%2Fv2%2Fpost_series&post=801"}],"curies":[{"name":"wp","href":"https:\/\/api.w.org\/{rel}","templated":true}]}}