{"id":548,"date":"2021-11-19T13:38:52","date_gmt":"2021-11-19T13:38:52","guid":{"rendered":"http:\/\/www.compadd.ufpr.br\/?p=548"},"modified":"2021-11-19T15:31:05","modified_gmt":"2021-11-19T15:31:05","slug":"pesquisa-aborda-desinformacao-em-video-do-canal-brasil-paralelo","status":"publish","type":"post","link":"http:\/\/www.compadd.ufpr.br\/?p=548","title":{"rendered":"Pesquisa aborda desinforma\u00e7\u00e3o em v\u00eddeo do canal Brasil Paralelo"},"content":{"rendered":"<p><em>Em programa dedicado a uma suposta cobertura dos fatos relativos aos procedimentos de preven\u00e7\u00e3o e combate \u00e0 covid-19, canal do YouTube dissemina desinforma\u00e7\u00f5es<\/em><\/p>\n<p>Como as estrat\u00e9gias ret\u00f3ricas s\u00e3o utilizadas em discursos desinformativos sobre Covid-19 em v\u00eddeos de alta visualiza\u00e7\u00e3o na plataforma YouTube? Para responder a esta quest\u00e3o, as pesquisadoras Cristiane Sinimbu Sanchez e Karina Pierin Ernsen Alves, integrantes do COMPADD, selecionaram e analisaram um v\u00eddeo do Canal Brasil Paralelo. O trabalho ser\u00e1 publicado no formato de artigo cient\u00edfico intitulado \u201cA ret\u00f3rica da desinforma\u00e7\u00e3o: an\u00e1lise do discurso sobre Covid-19 no YouTube\u201d, e apresentado dia 24 de novembro, no XV Simp\u00f3sio de Comunica\u00e7\u00e3o da Regi\u00e3o Tocantina.<\/p>\n<p>A pesquisa identificou no v\u00eddeo diversos discursos fora de contexto ou com informa\u00e7\u00f5es j\u00e1 verificadas como inverdades, como por exemplo as relacionadas \u00e0 efic\u00e1cia do distanciamento social e <em>lockdown. <\/em>Al\u00e9m disso, ficou real\u00e7ada a leitura e interpreta\u00e7\u00e3o deturpada de dispositivos legais e uma vis\u00e3o equivocada sobre a viabilidade de medidas como, por exemplo, o aux\u00edlio emergencial. A m\u00eddia tradicional \u00e9 acusada de deturpar a realidade de forma tendenciosa.<\/p>\n<p>Segundo as pesquisadoras, o v\u00eddeo estudado apresenta refer\u00eancias a teorias conspirat\u00f3rias de uma domina\u00e7\u00e3o global e \u201cinimigos\u201d declarados, tais como a OMS e governadores que seguiram os protocolos de seguran\u00e7a de institui\u00e7\u00f5es cient\u00edficas e organiza\u00e7\u00f5es internacionais de sa\u00fade. S\u00e3o tamb\u00e9m apresentados negativamente alguns jornalistas e ministros do Supremo Tribunal Federal (STF). Todos s\u00e3o equiparados a ditadores, falseadores da verdade e acusados de propagadores de mentiras, bem como de dilapidadores dos valores ditos \u201cconservadores\u201d. Para transmitir essa mensagem de forma convincente, s\u00e3o utilizados recursos dram\u00e1ticos, real\u00e7ando, conforme o teor da informa\u00e7\u00e3o, emo\u00e7\u00f5es positivas ou negativas. Do outro lado, s\u00e3o apresentados \u201cespecialistas\u201d, enaltecidos como autoridades no assunto.<\/p>\n<p>No dia do lan\u00e7amento do v\u00eddeo, o Brasil contabilizava 1.280 mortes por Covid-19, n\u00fameros bem abaixo das atuais mais de 610.000 vidas perdidas pela doen\u00e7a. No entanto, seu conte\u00fado n\u00e3o foi retratado ou retirado do ar e continua ressoando o que, agora, constitui-se como <em>misinformation<\/em> e desinforma\u00e7\u00e3o, visto que as medidas adotadas \u00e0 \u00e9poca se mostraram efetivas e necess\u00e1rias. Os autores do v\u00eddeo poupam o presidente Jair Bolsonaro, sem apontar a responsabilidade deste na condu\u00e7\u00e3o da crise, a qual, na verdade, mostrou-se catastr\u00f3fica e, comprovadamente, teve impactos diretos na perda de milh\u00f5es de vidas.<\/p>\n<p><strong>Brasil Paralelo<\/strong><\/p>\n<p>A Brasil Paralelo (BP) \u00e9 uma empresa registrada no Cadastro Nacional de Pessoas Jur\u00eddicas (CNPJ) que tem como atividade principal a produ\u00e7\u00e3o de conte\u00fado de informa\u00e7\u00e3o por meio da internet. Possui contas nas principais redes e plataformas digitais, tais como Instagram, Facebook, Twitter e YouTube. Na descri\u00e7\u00e3o que consta em seu canal, diz que \u201cpor meio de nossas produ\u00e7\u00f5es trabalhamos para fortalecer em nossa cultura os valores e tradi\u00e7\u00f5es que, notoriamente, ao longo da hist\u00f3ria conduziram a humanidade \u00e0 paz e prosperidade\u201d. O canal, lan\u00e7ado em 2016, possui 498 v\u00eddeos, contabilizando 1.950.000 inscritos e 132.041.516 visualiza\u00e7\u00f5es em seus conte\u00fados, os quais v\u00e3o desde comportamento, passando por hist\u00f3ria, pol\u00edtica, at\u00e9 ci\u00eancias e m\u00fasica.<\/p>\n<p><strong>Fakes News e desinforma\u00e7\u00e3o<\/strong><\/p>\n<p>A ind\u00fastria de <em>fake news <\/em>e desinforma\u00e7\u00e3o busca emular a m\u00eddia tradicional ao utilizar uma ret\u00f3rica carregada de elementos que estabelecem um certo grau de confian\u00e7a e credibilidade. Quem fabrica conte\u00fado enganoso confere facticidade a partir de uma not\u00edcia distorcida ou de um fato inventado. V\u00e1rios recursos s\u00e3o utilizados para alcan\u00e7ar esse objetivo, como mimetismo, autoridade, bolhas de filtros, c\u00e2maras de eco, <em>affordances<\/em> das plataformas digitais etc., de modo a disseminar sua propaganda, conforme apontam alguns estudos.<\/p>\n<p><strong>Sobre o SIMCOM<\/strong><\/p>\n<p>O artigo foi aceito para apresenta\u00e7\u00e3o, e posterior publica\u00e7\u00e3o nos anais, no Simp\u00f3sio de Comunica\u00e7\u00e3o da Regi\u00e3o Tocantina (SIMCOM), que ocorre entre os dias 23 e 26 de novembro de 2021, de forma online e gratuita.<\/p>\n<p>Com o tema \u201cJornalismo e Cultura digital na Era da Desinforma\u00e7\u00e3o\u201d, o evento \u00e9 organizado pelo Curso de Jornalismo da Universidade Federal do Maranh\u00e3o (UFMA), campus Imperatriz, em parceria com o Programa de P\u00f3s-Gradua\u00e7\u00e3o em Comunica\u00e7\u00e3o (PPGCOM\/Imperatriz).<\/p>\n<p>O XV SIMCOM tem como objetivo oferecer um espa\u00e7o, online e gratuito, para divulga\u00e7\u00e3o cient\u00edfica e populariza\u00e7\u00e3o das pesquisas realizadas no \u00e2mbito da gradua\u00e7\u00e3o e da p\u00f3s gradua\u00e7\u00e3o, ampliando discuss\u00f5es que abordem os fen\u00f4menos decorrentes da comunica\u00e7\u00e3o em ambiente digital, em especial, os desafios do Jornalismo, em meio a um contexto de crise informacional.<\/p>\n<p>Mais informa\u00e7\u00f5es: <a href=\"http:\/\/www.simcom.ufma.br\/\">http:\/\/www.simcom.ufma.br\/<\/a><\/p>\n<p>&nbsp;<\/p>\n","protected":false},"excerpt":{"rendered":"<p>Em programa dedicado a uma suposta cobertura dos fatos relativos aos procedimentos de preven\u00e7\u00e3o e combate \u00e0 covid-19, canal do YouTube dissemina desinforma\u00e7\u00f5es Como as estrat\u00e9gias ret\u00f3ricas s\u00e3o utilizadas em discursos desinformativos sobre Covid-19 em v\u00eddeos de alta visualiza\u00e7\u00e3o na&hellip;<\/p>\n","protected":false},"author":12,"featured_media":549,"comment_status":"open","ping_status":"open","sticky":false,"template":"","format":"standard","meta":[],"categories":[4],"tags":[36,8],"post_series":[],"_links":{"self":[{"href":"http:\/\/www.compadd.ufpr.br\/index.php?rest_route=\/wp\/v2\/posts\/548"}],"collection":[{"href":"http:\/\/www.compadd.ufpr.br\/index.php?rest_route=\/wp\/v2\/posts"}],"about":[{"href":"http:\/\/www.compadd.ufpr.br\/index.php?rest_route=\/wp\/v2\/types\/post"}],"author":[{"embeddable":true,"href":"http:\/\/www.compadd.ufpr.br\/index.php?rest_route=\/wp\/v2\/users\/12"}],"replies":[{"embeddable":true,"href":"http:\/\/www.compadd.ufpr.br\/index.php?rest_route=%2Fwp%2Fv2%2Fcomments&post=548"}],"version-history":[{"count":4,"href":"http:\/\/www.compadd.ufpr.br\/index.php?rest_route=\/wp\/v2\/posts\/548\/revisions"}],"predecessor-version":[{"id":553,"href":"http:\/\/www.compadd.ufpr.br\/index.php?rest_route=\/wp\/v2\/posts\/548\/revisions\/553"}],"wp:featuredmedia":[{"embeddable":true,"href":"http:\/\/www.compadd.ufpr.br\/index.php?rest_route=\/wp\/v2\/media\/549"}],"wp:attachment":[{"href":"http:\/\/www.compadd.ufpr.br\/index.php?rest_route=%2Fwp%2Fv2%2Fmedia&parent=548"}],"wp:term":[{"taxonomy":"category","embeddable":true,"href":"http:\/\/www.compadd.ufpr.br\/index.php?rest_route=%2Fwp%2Fv2%2Fcategories&post=548"},{"taxonomy":"post_tag","embeddable":true,"href":"http:\/\/www.compadd.ufpr.br\/index.php?rest_route=%2Fwp%2Fv2%2Ftags&post=548"},{"taxonomy":"post_series","embeddable":true,"href":"http:\/\/www.compadd.ufpr.br\/index.php?rest_route=%2Fwp%2Fv2%2Fpost_series&post=548"}],"curies":[{"name":"wp","href":"https:\/\/api.w.org\/{rel}","templated":true}]}}